[{"@context":"https:\/\/schema.org\/","@type":"Article","@id":"https:\/\/www.cacapri.cz\/bavime-se-hudbou\/#Article","mainEntityOfPage":"https:\/\/www.cacapri.cz\/bavime-se-hudbou\/","headline":"Bav\u00edme se hudbou","name":"Bav\u00edme se hudbou","description":"Nen\u00ed snad v\u00edce spor\u016f ne\u017e o tom, kter\u00e1 hudba je lep\u0161\u00ed a hez\u010d\u00ed. Jsou to d\u00e1vn\u00e9 spory. Na\u0161e babi\u010dky se [&hellip;]","datePublished":"2024-04-25","dateModified":"2024-04-25","author":{"@type":"Person","@id":"https:\/\/www.cacapri.cz\/author\/#Person","name":"","url":"https:\/\/www.cacapri.cz\/author\/","identifier":1,"image":{"@type":"ImageObject","@id":"https:\/\/secure.gravatar.com\/avatar\/1fd5b20daa9a47a1102459a7c733d369075d8cc724ab489feb8ed72c657d346e?s=96&d=mm&r=g","url":"https:\/\/secure.gravatar.com\/avatar\/1fd5b20daa9a47a1102459a7c733d369075d8cc724ab489feb8ed72c657d346e?s=96&d=mm&r=g","height":96,"width":96}},"publisher":{"@type":"Organization","name":"cacapri.cz","logo":{"@type":"ImageObject","@id":"\/logo.png","url":"\/logo.png","width":600,"height":60}},"image":{"@type":"ImageObject","@id":"https:\/\/www.cacapri.cz\/wp-content\/uploads\/festival-958414_640_1.jpg","url":"https:\/\/www.cacapri.cz\/wp-content\/uploads\/festival-958414_640_1.jpg","height":0,"width":0},"url":"https:\/\/www.cacapri.cz\/bavime-se-hudbou\/","about":["Z\u00e1bava"],"wordCount":433,"articleBody":"Nen\u00ed snad v\u00edce spor\u016f ne\u017e o tom, kter\u00e1 hudba je lep\u0161\u00ed a hez\u010d\u00ed. Jsou to d\u00e1vn\u00e9 spory. Na\u0161e babi\u010dky se nap\u0159\u00edklad chytaly za hlavu, kdy\u017e sly\u0161ely disko a vid\u011bly ty tance. Volaly, \u017ee za jejich mlad\u00fdch let nic takov\u00e9ho nebylo a \u017ee je to proti p\u00e1nu Bohu. A ptaly se, kam ten sv\u011bt sp\u011bje. My, kdy\u017e dnes sly\u0161\u00edme drum drum, nebo jak se tomu \u0159\u00edk\u00e1, pop\u0159\u00edpad\u011b vid\u00edme to, jak mlad\u00ed v\u0161elijak oble\u010den\u00ed poskakuj\u00ed v bl\u00e1t\u011b, \u0159\u00edk\u00e1me si tot\u00e9\u017e. Je tu jedin\u00fd rozd\u00edl, \u017ee to disko m\u011blo melodii a zp\u011bv\u00e1k musel um\u011bt. V dne\u0161n\u00ed hudb\u011b to net\u0159eba, proto\u017ee hudbu obstar\u00e1 n\u011bkdo jin\u00fd a \u201eum\u011blci\u201c sta\u010d\u00ed, kdy\u017e do toho bude kecat. Viz pan Mare\u0161.Nikomu nebr\u00e1n\u00edm a nemluv\u00edm do jeho vkusu. Je to \u010dist\u011b jeho v\u011bc a pokud mne nenut\u00ed to poslouchat, nevad\u00ed mi to. Bohu\u017eel, dnes je m\u00f3da \u017ee a\u0165 se hnete kam se hnete, v\u0161ude n\u011bco hraje. Chodili jsme r\u00e1di za z\u00e1bavou do mal\u00e9 cukr\u00e1rny, jen se tak trochu odreagovat. Od t\u00e9 doby, co tam za\u010dali pou\u0161t\u011bt hudbu jsme tam chodit p\u0159estali. Kdyby byla potichu, tak aby ji sly\u0161ela jen prodava\u010dka, dobr\u00e1, ale bylo to sly\u0161et v\u0161ude, a nav\u00edc to byl stul hudby kterou vysloven\u011b nesn\u00e1\u0161\u00edm. Mo\u017en\u00e1 tam jindy cpou n\u011bco jin\u00e9ho, ale to my u\u017e nev\u00edme, proto\u017ee jsme tam od t\u00e9 doby nebyli. P\u0159i\u0161li o tak o p\u00e1r st\u00e1l\u00fdch host\u016f, ale to u\u017e je dnes ka\u017ed\u00e9mu jedno. Majitel nad t\u00edm m\u00e1vne rukou a \u0159ekne si, \u017ee co z toho, dva ode\u0161li, t\u0159i p\u0159ijdou, jak\u00e9pak s t\u00edm fraky. A jede se d\u00e1l. Ale to jsme od z\u00e1bavy hodn\u011b odbo\u010dili. Nu\u017ee, co k t\u00e9matu je\u0161t\u011b dodat. Nev\u00edm, jak by bylo drudrum\u00e1k\u016fm, kdybych je n\u011bkdo jin\u00fd nutil poslouchat Vivaldiho, Jan\u00e1\u010dka, nebo Smetanu. Nad\u00e1vali by. Tak pro\u010d oni mus\u00ed d\u011blat s tou svou \u201ehudbou\u201c takov\u00fd krav\u00e1l? A kdy\u017e u\u017e ten hluk b\u00fdt mus\u00ed, tak a\u0165 si zalezou n\u011bkam do krytu pod zem, nebo n\u011bkam, kde to ru\u0161it nikoho nebude. Ale to bychom po nich cht\u011bli asi hodn\u011b. Hlavn\u011b, \u017ee se bav\u00ed oni a ostatn\u00ed je nezaj\u00edm\u00e1. Prost\u011b je to banda ignorant\u016f a nic jin\u00e9ho. \u00a0                                                                                                                                                                                                                                                                                                                                                                                        4.2\/5 - (11 votes)        "},{"@context":"https:\/\/schema.org\/","@type":"BreadcrumbList","itemListElement":[{"@type":"ListItem","position":1,"name":"Bav\u00edme se hudbou","item":"https:\/\/www.cacapri.cz\/bavime-se-hudbou\/#breadcrumbitem"}]}]