[{"@context":"https:\/\/schema.org\/","@type":"Article","@id":"https:\/\/www.cacapri.cz\/doma-mame-elektro\/#Article","mainEntityOfPage":"https:\/\/www.cacapri.cz\/doma-mame-elektro\/","headline":"Doma m\u00e1me elektro","name":"Doma m\u00e1me elektro","description":"Jak se bud\u00edte? Bud\u00ed v\u00e1s bud\u00edk anebo se bud\u00edte norm\u00e1ln\u011b? U\u017e mobiln\u00edm telefonem je opravdu hodn\u011b lid\u00ed, kte\u0159\u00ed ale st\u00e1le [&hellip;]","datePublished":"2024-04-30","dateModified":"2024-04-30","author":{"@type":"Person","@id":"https:\/\/www.cacapri.cz\/author\/#Person","name":"","url":"https:\/\/www.cacapri.cz\/author\/","identifier":1,"image":{"@type":"ImageObject","@id":"https:\/\/secure.gravatar.com\/avatar\/1fd5b20daa9a47a1102459a7c733d369075d8cc724ab489feb8ed72c657d346e?s=96&d=mm&r=g","url":"https:\/\/secure.gravatar.com\/avatar\/1fd5b20daa9a47a1102459a7c733d369075d8cc724ab489feb8ed72c657d346e?s=96&d=mm&r=g","height":96,"width":96}},"publisher":{"@type":"Organization","name":"cacapri.cz","logo":{"@type":"ImageObject","@id":"\/logo.png","url":"\/logo.png","width":600,"height":60}},"image":{"@type":"ImageObject","@id":"https:\/\/www.cacapri.cz\/wp-content\/uploads\/laptop-4906312_640_10_2.jpg","url":"https:\/\/www.cacapri.cz\/wp-content\/uploads\/laptop-4906312_640_10_2.jpg","height":0,"width":0},"url":"https:\/\/www.cacapri.cz\/doma-mame-elektro\/","about":["Elektro"],"wordCount":422,"articleBody":"Jak se bud\u00edte? Bud\u00ed v\u00e1s bud\u00edk anebo se bud\u00edte norm\u00e1ln\u011b? U\u017e mobiln\u00edm telefonem je opravdu hodn\u011b lid\u00ed, kte\u0159\u00ed ale st\u00e1le je\u0161t\u011b pou\u017e\u00edvaj\u00ed. Bud\u00edk t\u0159eba v\u016fbec necht\u011bj\u00ed m\u00edt v lo\u017enici anebo vedle postele mobiln\u00ed telefon a j\u00e1 se tomu nediv\u00edm, proto\u017ee v dne\u0161n\u00ed dob\u011b se \u0159\u00edk\u00e1, \u017ee vlastn\u011b lidem \u0161kod\u00ed modr\u00e9 sv\u011btlo a \u017ee by doma nem\u011bli m\u00edt vedle postele techniku anebo jinou elektroniku. Anebo tak\u00e9 techniku, a to vlastn\u011b hlavn\u011b po\u010d\u00edta\u010d. Pov\u00edm v\u00e1m, \u017ee j\u00e1 tohle absolutn\u011b v\u016fbec nedodr\u017euji. J\u00e1 bych se taky svezl mobiln\u00edho telefonu v lo\u017enici v\u016fbec neobe\u0161la. J\u00e1 toti\u017e je\u0161t\u011b, ne\u017e usnu, tak si projedu soci\u00e1ln\u00ed s\u00edt\u011b a tak podobn\u011b.Tak\u017ee pro m\u011b elektro v lo\u017enici je vlastn\u011b t\u00e9m\u011b\u0159 \u00fapln\u011b denn\u00ed volbou. Je to vlastn\u011b na denn\u00edm po\u0159\u00e1dku. A mysl\u00edm si a p\u0159edpokl\u00e1d\u00e1m, \u017ee j\u00e1 v tomhle n\u00e1zoru nejsem sama. Je opravdu hodn\u011b lid\u00ed, kte\u0159\u00ed pou\u017e\u00edvaj\u00ed mobiln\u00ed telefon anebo televizi \u010di notebook tak\u00e9 opravdu p\u0159ed span\u00edm anebo p\u0159\u00edmo v posteli. J\u00e1 bych se opravdu bez elektra v\u016fbec neobe\u0161la. M\u00e1m tak\u00e9 opravdu kr\u00e1snou a elegantn\u00ed lampi\u010dku, kter\u00e1 vlastn\u011b hraje a sv\u00edt\u00ed v\u0161emi barvami. A tohle se mi l\u00edb\u00ed, dokonce m\u00e1m tak\u00e9 chytr\u00e9 z\u00e1suvky, to znamen\u00e1, \u017ee vlastn\u011b tyhle chytr\u00e9 z\u00e1suvky mohu ovl\u00e1dat p\u0159es mobiln\u00ed telefon. Takov\u00e1 perfektn\u00ed technika a elektro.V\u016fbec jsem je\u0161t\u011b p\u0159ed p\u016fl rokem netu\u0161ila, \u017ee chytr\u00e9 z\u00e1suvky anebo chytr\u00e9 lampi\u010dky existuj\u00ed. Vlastn\u011b d\u00e1 se to v\u0161echno na d\u00e1lku ovl\u00e1dat po\u010d\u00edta\u010dem anebo tak\u00e9 mobiln\u00edm telefonem. Kdyby to ne\u0161lo, tak bych z toho byla zklaman\u00e1, proto\u017ee my v\u0161ichni slibovali, \u017ee tohle norm\u00e1ln\u011b jde. A kdy\u017e jsem zjistila, \u017ee tohle je pravda, tak jsem samoz\u0159ejm\u011b nev\u00e1hala a musela jsem si po\u0159\u00eddit chytrou lampi\u010dku a tak\u00e9 chytr\u00e9 z\u00e1suvky. A potom, kdy\u017e tohle vid\u011bl m\u016fj partner, tak se tak\u00e9 musel po\u0159\u00eddit n\u011bkolik chytr\u00fdch z\u00e1suvek, a to hlavn\u011b na p\u016fdu a do sklepa a tak\u00e9 do sv\u00e9 gar\u00e1\u017ee, proto\u017ee m\u016fj partner m\u00e1 v gar\u00e1\u017ei takovou svou pracovnu, kde opravuje auta nebo motorky. A mysl\u00edm si, \u017ee i jemu elektro se opravdu hodn\u011b hod\u00ed a vyplat\u00ed se mu.\u00a0                                                                                                                                                                                                                                                                                                                                                                                        4.4\/5 - (9 votes)        "},{"@context":"https:\/\/schema.org\/","@type":"BreadcrumbList","itemListElement":[{"@type":"ListItem","position":1,"name":"Doma m\u00e1me elektro","item":"https:\/\/www.cacapri.cz\/doma-mame-elektro\/#breadcrumbitem"}]}]