[{"@context":"https:\/\/schema.org\/","@type":"Article","@id":"https:\/\/www.cacapri.cz\/eliska-junkova-kralovna-bugatti\/#Article","mainEntityOfPage":"https:\/\/www.cacapri.cz\/eliska-junkova-kralovna-bugatti\/","headline":"Eli\u0161ka Junkov\u00e1 \u2013 kr\u00e1lovna Bugatti","name":"Eli\u0161ka Junkov\u00e1 \u2013 kr\u00e1lovna Bugatti","description":"Automobily p\u0159edstavovaly p\u0159evratn\u00fd vyn\u00e1lez, kter\u00fd se vyu\u017e\u00edval pro p\u0159epravu osob. Ov\u0161em velmi z\u00e1hy, ji\u017e od roku 1900 se za\u010daly po\u0159\u00e1dat [&hellip;]","datePublished":"2019-09-16","dateModified":"2023-06-07","author":{"@type":"Person","@id":"https:\/\/www.cacapri.cz\/author\/#Person","name":"","url":"https:\/\/www.cacapri.cz\/author\/","identifier":1,"image":{"@type":"ImageObject","@id":"https:\/\/secure.gravatar.com\/avatar\/1fd5b20daa9a47a1102459a7c733d369075d8cc724ab489feb8ed72c657d346e?s=96&d=mm&r=g","url":"https:\/\/secure.gravatar.com\/avatar\/1fd5b20daa9a47a1102459a7c733d369075d8cc724ab489feb8ed72c657d346e?s=96&d=mm&r=g","height":96,"width":96}},"publisher":{"@type":"Organization","name":"cacapri.cz","logo":{"@type":"ImageObject","@id":"\/logo.png","url":"\/logo.png","width":600,"height":60}},"image":{"@type":"ImageObject","@id":"https:\/\/www.cacapri.cz\/wp-content\/uploads\/img_a355278_w3794_t1569671778.jpg","url":"https:\/\/www.cacapri.cz\/wp-content\/uploads\/img_a355278_w3794_t1569671778.jpg","height":0,"width":0},"url":"https:\/\/www.cacapri.cz\/eliska-junkova-kralovna-bugatti\/","about":["Moto"],"wordCount":463,"articleBody":"Automobily p\u0159edstavovaly p\u0159evratn\u00fd vyn\u00e1lez, kter\u00fd se vyu\u017e\u00edval pro p\u0159epravu osob. Ov\u0161em velmi z\u00e1hy, ji\u017e od roku 1900 se za\u010daly po\u0159\u00e1dat tak\u00e9 automobilov\u00e9 z\u00e1vody, kter\u00e9 zn\u00e1me pod term\u00ednem Grand Prix. Jedn\u00e1 se o Velkou cenu a je to automobilov\u00fd nebo motocyklov\u00fd z\u00e1vod na okruhu, kter\u00fdm se n\u011bkolikr\u00e1t proj\u00ed\u017ed\u00ed. Term\u00edn Grand Prix se pou\u017e\u00edv\u00e1 jen na v\u00fdznamn\u00e9 okruhy. Samoz\u0159ejm\u011b se jedn\u00e1 o nebezpe\u010dnou z\u00e1le\u017eitost, kter\u00e1 vy\u017eaduje odv\u00e1\u017en\u00e9 a state\u010dn\u00e9 mu\u017ee. Ale rozhodn\u011b nejen mu\u017ee. Nemus\u00edte b\u00fdt zrovna milovn\u00edk motoristick\u00fdch sport\u016f a ur\u010dit\u011b zn\u00e1te jm\u00e9no Eli\u0161ky Junkov\u00e9, slavn\u00e9 z\u00e1vodkyn\u011b. I kdy\u017e svou dr\u00e1hu profesion\u00e1ln\u00ed jezdkyn\u011b pov\u011bsila na h\u0159eb\u00edk v&nbsp;roce 1928, jej\u00ed jm\u00e9no je slavn\u00e9 a zn\u00e1m\u00e9 dodnes.\tEli\u0161ka se narodila do rodiny, s&nbsp;mnoha d\u011btmi. Tou\u017eila po cestov\u00e1n\u00ed, a proto se velmi piln\u011b u\u010dila jazyky. V&nbsp;mlad\u00e9m v\u011bku nastoupila jako \u00fa\u0159ednice do banky, ale i nad\u00e1le studovala jazyky a pl\u00e1novala cestovat po sv\u011bt\u011b. Vydala se na cesty, ale celn\u00edci j\u00ed neumo\u017enili cestovat podle jej\u00edch p\u0159edstav. Nicm\u00e9n\u011b se ve Francii sezn\u00e1mila se sv\u00fdm budouc\u00edm man\u017eelem \u010ce\u0148kem Junkem, z\u00e1vodn\u00edkem. Moto sport se zal\u00edbil tak\u00e9 Eli\u0161ce. Oba man\u017eel\u00e9 byli fascinov\u00e1ni modelem Bugatti T30. Eli\u0161ka se tajn\u011b p\u0159ihl\u00e1sila do auto\u0161koly a \u00fasp\u011b\u0161n\u011b zvl\u00e1dla zkou\u0161ky. Prvn\u00ed z\u00e1vod absolvovala Eli\u0161ka v&nbsp;roce 1923 jako spolujezdkyn\u011b sv\u00e9ho man\u017eela.\t\t\u010casem za\u010dala ov\u0161em jezdit sama za sebe a dokonce porazila i sv\u00e9ho man\u017eela. Velmi \u00fasp\u011b\u0161n\u00e1 byla nejen na z\u00e1vodech v&nbsp;\u010ceskoslovensku, ale velmi \u00fasp\u011b\u0161n\u011b si po\u010d\u00ednala tak\u00e9 v&nbsp;mezin\u00e1rodn\u00edch z\u00e1vodech. Jako prvn\u00ed \u017eena vyhr\u00e1la mezin\u00e1rodn\u00ed z\u00e1vod v&nbsp;absolutn\u00ed klasifikaci. Jako druh\u00e1 dojela v&nbsp;nejn\u00e1ro\u010dn\u011bj\u0161\u00edm z\u00e1vodu ve \u0161v\u00fdcarsk\u00e9m vrchu Klausenpass. Nejv\u00fdznamn\u011bj\u0161\u00edch \u00fasp\u011bch\u016f pak dos\u00e1hla na Sic\u00edlii. Zaslou\u017een\u011b z\u00edskala p\u0159ezd\u00edvku Kr\u00e1lovna volantu.\t\tRok 1928 sice vyhr\u00e1la v\u00fdznamn\u00fd z\u00e1vod, ale p\u0159inesl do jej\u00edho roku stra\u0161nou trag\u00e9dii. Jej\u00ed man\u017eel na z\u00e1vodech v&nbsp;N\u011bmecku na okruhu N\u00fcrburgringu, kde ona sama loni excelovala, m\u011bl smrtelnou hav\u00e1rii. Dostal smyk, byl vymr\u0161t\u011bn z&nbsp;auta a hlavou narazil do sk\u00e1ly. R\u00e1na byla pro Eli\u0161ku tak traumatizuj\u00edc\u00ed, \u017ee se z\u00e1vodn\u00ed dr\u00e1hou p\u0159estala. P\u0159esto a\u017e do sv\u00e9 smrti popularizovala motoristiku.                                                                                                                                                                                                                                                                                                                                                                                        3.3\/5 - (12 votes)        "},{"@context":"https:\/\/schema.org\/","@type":"BreadcrumbList","itemListElement":[{"@type":"ListItem","position":1,"name":"Eli\u0161ka Junkov\u00e1 \u2013 kr\u00e1lovna Bugatti","item":"https:\/\/www.cacapri.cz\/eliska-junkova-kralovna-bugatti\/#breadcrumbitem"}]}]