[{"@context":"https:\/\/schema.org\/","@type":"Article","@id":"https:\/\/www.cacapri.cz\/hotel-urcen-i-pro-firmy\/#Article","mainEntityOfPage":"https:\/\/www.cacapri.cz\/hotel-urcen-i-pro-firmy\/","headline":"Hotel ur\u010den i pro firmy","name":"Hotel ur\u010den i pro firmy","description":"V hotelu Vigvam je ur\u010den i pro mimo\u0159\u00e1dn\u00e9 firemn\u00ed akce, kter\u00e9 m\u016f\u017eete uspo\u0159\u00e1dat v na\u0161em konferen\u010dn\u00edm s\u00e1le s velkou kapacitou. [&hellip;]","datePublished":"2025-02-28","dateModified":"2025-02-28","author":{"@type":"Person","@id":"https:\/\/www.cacapri.cz\/author\/#Person","name":"","url":"https:\/\/www.cacapri.cz\/author\/","identifier":1,"image":{"@type":"ImageObject","@id":"https:\/\/secure.gravatar.com\/avatar\/1fd5b20daa9a47a1102459a7c733d369075d8cc724ab489feb8ed72c657d346e?s=96&d=mm&r=g","url":"https:\/\/secure.gravatar.com\/avatar\/1fd5b20daa9a47a1102459a7c733d369075d8cc724ab489feb8ed72c657d346e?s=96&d=mm&r=g","height":96,"width":96}},"publisher":{"@type":"Organization","name":"cacapri.cz","logo":{"@type":"ImageObject","@id":"\/logo.png","url":"\/logo.png","width":600,"height":60}},"url":"https:\/\/www.cacapri.cz\/hotel-urcen-i-pro-firmy\/","wordCount":181,"articleBody":"V hotelu Vigvam je ur\u010den i pro mimo\u0159\u00e1dn\u00e9 firemn\u00ed akce, kter\u00e9 m\u016f\u017eete uspo\u0159\u00e1dat v na\u0161em konferen\u010dn\u00edm s\u00e1le s velkou kapacitou. V\u0161e, co budete pot\u0159ebovat, najdete v na\u0161em konferen\u010dn\u00edm s\u00e1le. Klimatizaci, hifi p\u0159ipojen\u00ed a spoustu nezbytn\u00fdch dopl\u0148k\u016f, kter\u00e9 jsou pot\u0159ebn\u00e9 pro v\u0161echny na\u0161e klienty a firmy. Hotel Kol\u00edn V\u00e1s nezklame, jeliko\u017e m\u00e1me praxi v po\u0159\u00e1d\u00e1n\u00ed v\u0161ech t\u011bchto akc\u00ed.Kongresov\u00fd s\u00e1l ve VigvamuN\u00e1\u0161 kongresov\u00fd s\u00e1l je u\u010den pro po\u0159\u00e1d\u00e1n\u00ed sch\u016fz\u00ed, semin\u00e1\u0159\u016f a mnoho v\u0161eho, co v\u0161echny firmy po\u0159\u00e1daj\u00ed a pot\u0159ebuj\u00ed. Nejlep\u0161\u00ed a nejkr\u00e1sn\u011bj\u0161\u00ed prostory jsou ur\u010deny pro novoman\u017eel\u00e9 a pokud m\u00e1te romantickou n\u00e1ladu, tak m\u016f\u017eete vyu\u017e\u00edt na\u0161\u00ed Valent\u00fdnsk\u00e9 nab\u00eddky, kterou zabezpe\u010d\u00ed na\u0161i organiz\u00e1to\u0159i. Hotel Kol\u00edn V\u00e1m prost\u011b vyjde vst\u0159\u00edc ve v\u0161ech sm\u011brech a vy ur\u010dit\u011b po v\u0161ech str\u00e1nk\u00e1ch budete nad\u0161eni.                                                                                                                                                                                                                                                                                                                                                                                        5\/5 - (1 vote)        "},{"@context":"https:\/\/schema.org\/","@type":"BreadcrumbList","itemListElement":[{"@type":"ListItem","position":1,"name":"Hotel ur\u010den i pro firmy","item":"https:\/\/www.cacapri.cz\/hotel-urcen-i-pro-firmy\/#breadcrumbitem"}]}]