[{"@context":"https:\/\/schema.org\/","@type":"Article","@id":"https:\/\/www.cacapri.cz\/priprava-na-menopauzu\/#Article","mainEntityOfPage":"https:\/\/www.cacapri.cz\/priprava-na-menopauzu\/","headline":"P\u0159\u00edprava na menopauzu","name":"P\u0159\u00edprava na menopauzu","description":"Menopauza a t\u011blesn\u00e9 tvary Je pro v\u00e1s menopauza stra\u0161\u00e1kem, i kdy\u017e v\u00e1s \u010dek\u00e1 a\u017e za mnoho let? Nen\u00ed se \u010demu [&hellip;]","datePublished":"2025-04-28","dateModified":"2025-04-28","author":{"@type":"Person","@id":"https:\/\/www.cacapri.cz\/author\/#Person","name":"","url":"https:\/\/www.cacapri.cz\/author\/","identifier":1,"image":{"@type":"ImageObject","@id":"https:\/\/secure.gravatar.com\/avatar\/1fd5b20daa9a47a1102459a7c733d369075d8cc724ab489feb8ed72c657d346e?s=96&d=mm&r=g","url":"https:\/\/secure.gravatar.com\/avatar\/1fd5b20daa9a47a1102459a7c733d369075d8cc724ab489feb8ed72c657d346e?s=96&d=mm&r=g","height":96,"width":96}},"publisher":{"@type":"Organization","name":"cacapri.cz","logo":{"@type":"ImageObject","@id":"\/logo.png","url":"\/logo.png","width":600,"height":60}},"url":"https:\/\/www.cacapri.cz\/priprava-na-menopauzu\/","wordCount":216,"articleBody":"Menopauza a t\u011blesn\u00e9 tvaryJe pro v\u00e1s menopauza stra\u0161\u00e1kem, i kdy\u017e v\u00e1s \u010dek\u00e1 a\u017e za mnoho let? Nen\u00ed se \u010demu divit, nen\u00ed to nejp\u0159\u00edjemn\u011bj\u0161\u00ed obdob\u00ed \u017eivota, proto\u017ee p\u0159in\u00e1\u0161\u00ed \u0159adu zdravotn\u00edch komplikac\u00ed, kter\u00e9 v\u00e1m mohou po\u0159\u00e1dn\u011b znep\u0159\u00edjemnit \u017eivot.Menopauza a stav v\u011bn\u010dit\u00fdch tepenPokud u\u017e v\u00e1m Menopauza za\u010dala, jist\u011b jste si pov\u0161imla zm\u011bn ve va\u0161em t\u011ble. Zadr\u017eujete v\u00edce vody, jste otekl\u00e1, \u0161patn\u011b se v\u00e1m sp\u00ed, je v\u00e1m horko, nadm\u011brn\u011b se pot\u00edte, jste unaven\u00e1, m\u00e1te \u0161patnou n\u00e1ladu nebo i deprese a nev\u00edte, jak z toho ven. Za l\u00e9ka\u0159em chodit nemus\u00edte, ve v\u011bt\u0161in\u011b p\u0159\u00edpad\u016f nepochod\u00edte, a nebo se v\u00e1m dostane l\u00e9\u010dby pomoc\u00ed hormon\u00e1ln\u00ed terapie, co\u017e m\u016f\u017ee projevy menopauzy jen zhor\u0161it. Zkuste u\u017e\u00edvat dopln\u011bk stravy. Vyvinuli jsme p\u0159\u00edpravek na p\u0159\u00edrodn\u00ed b\u00e1zi, kter\u00fd v\u00e1m pom\u016f\u017ee zbavit se v\u0161ech zdravotn\u00edch komplikac\u00ed, kter\u00e9 menopauza p\u0159inesla a to za pom\u011brn\u011b kr\u00e1tkou dobu.Prvn\u00ed v\u00fdsledky ji\u017e za p\u00e1r dn\u00edMnoho na\u0161ich klientek n\u00e1m potvrdilo, \u017ee se jejich stav zlep\u0161il ji\u017e po prvn\u00edch dnech k\u016fry.                                                                                                                                                                                                                                                                                                                                                                                                "},{"@context":"https:\/\/schema.org\/","@type":"BreadcrumbList","itemListElement":[{"@type":"ListItem","position":1,"name":"P\u0159\u00edprava na menopauzu","item":"https:\/\/www.cacapri.cz\/priprava-na-menopauzu\/#breadcrumbitem"}]}]